{"id":108,"date":"2010-01-20T22:32:16","date_gmt":"2010-01-20T21:32:16","guid":{"rendered":"http:\/\/www.galeriehaus.com\/?p=108"},"modified":"2010-01-26T21:28:34","modified_gmt":"2010-01-26T20:28:34","slug":"simone-weisenfels-und-jair-rohm-parker-wells-%e2%80%9eprobezonewest%e2%80%9c-2602-2030-uhr","status":"publish","type":"post","link":"http:\/\/www.galeriehaus.com\/?p=108","title":{"rendered":"Simone Wei\u00dfenfels und Jair-Rohm Parker Wells \u201eProbezonewest\u201c, 26.02., 20:30 Uhr"},"content":{"rendered":"<p class=\"MsoNormal\"><img loading=\"lazy\" decoding=\"async\" class=\"alignleft size-medium wp-image-112\" title=\"fg-jazztage1\" src=\"http:\/\/www.galeriehaus.com\/wp-content\/uploads\/2010\/01\/fg-jazztage1-300x270.jpg\" alt=\"fg-jazztage1\" width=\"300\" height=\"270\" srcset=\"http:\/\/www.galeriehaus.com\/wp-content\/uploads\/2010\/01\/fg-jazztage1-300x270.jpg 300w, http:\/\/www.galeriehaus.com\/wp-content\/uploads\/2010\/01\/fg-jazztage1.jpg 1000w\" sizes=\"(max-width: 300px) 100vw, 300px\" \/>Simone Wei\u00dfenfels und Jair-Rohm Parker verbindet der Hang zu Tasteninstrumenten, zum unkonventionellen Musizieren, zum Entdecken neuer Klangr\u00e4ume.<\/p>\n<p class=\"MsoNormal\">Die vielf\u00e4ltigen Erfahrungen der Musiker werden hochenergetisch geb\u00fcndelt.<\/p>\n<p class=\"MsoNormal\">Erfrischende Musik zwischen Jazz, groovender Fusion und Klangimprovisation.<\/p>\n<p class=\"MsoNormal\">\n<p class=\"MsoNormal\"><em><a href=\"http:\/\/www.myspace.com\/mspianotaste\">www.myspace.com\/mspianotaste<\/a> <\/em><\/p>\n","protected":false},"excerpt":{"rendered":"<p>Simone Wei\u00dfenfels und Jair-Rohm Parker verbindet der Hang zu Tasteninstrumenten, zum unkonventionellen Musizieren, zum Entdecken neuer Klangr\u00e4ume. Die vielf\u00e4ltigen Erfahrungen der Musiker werden hochenergetisch geb\u00fcndelt. Erfrischende Musik zwischen Jazz, groovender [&hellip;]<\/p>\n","protected":false},"author":1,"featured_media":0,"comment_status":"open","ping_status":"open","sticky":false,"template":"","format":"standard","meta":{"footnotes":""},"categories":[1],"tags":[],"class_list":["post-108","post","type-post","status-publish","format-standard","hentry","category-allgemeines"],"_links":{"self":[{"href":"http:\/\/www.galeriehaus.com\/index.php?rest_route=\/wp\/v2\/posts\/108"}],"collection":[{"href":"http:\/\/www.galeriehaus.com\/index.php?rest_route=\/wp\/v2\/posts"}],"about":[{"href":"http:\/\/www.galeriehaus.com\/index.php?rest_route=\/wp\/v2\/types\/post"}],"author":[{"embeddable":true,"href":"http:\/\/www.galeriehaus.com\/index.php?rest_route=\/wp\/v2\/users\/1"}],"replies":[{"embeddable":true,"href":"http:\/\/www.galeriehaus.com\/index.php?rest_route=%2Fwp%2Fv2%2Fcomments&post=108"}],"version-history":[{"count":4,"href":"http:\/\/www.galeriehaus.com\/index.php?rest_route=\/wp\/v2\/posts\/108\/revisions"}],"predecessor-version":[{"id":111,"href":"http:\/\/www.galeriehaus.com\/index.php?rest_route=\/wp\/v2\/posts\/108\/revisions\/111"}],"wp:attachment":[{"href":"http:\/\/www.galeriehaus.com\/index.php?rest_route=%2Fwp%2Fv2%2Fmedia&parent=108"}],"wp:term":[{"taxonomy":"category","embeddable":true,"href":"http:\/\/www.galeriehaus.com\/index.php?rest_route=%2Fwp%2Fv2%2Fcategories&post=108"},{"taxonomy":"post_tag","embeddable":true,"href":"http:\/\/www.galeriehaus.com\/index.php?rest_route=%2Fwp%2Fv2%2Ftags&post=108"}],"curies":[{"name":"wp","href":"https:\/\/api.w.org\/{rel}","templated":true}]}}