{"id":1184,"date":"2022-03-04T19:29:08","date_gmt":"2022-03-04T18:29:08","guid":{"rendered":"http:\/\/www.galeriehaus.com\/?p=1184"},"modified":"2022-03-04T19:29:08","modified_gmt":"2022-03-04T18:29:08","slug":"es-geht-weiter-wenn-auch-ein-bisschen-anders","status":"publish","type":"post","link":"http:\/\/www.galeriehaus.com\/?p=1184","title":{"rendered":"Es geht weiter, wenn auch ein bisschen anders."},"content":{"rendered":"\n<p>Liebe Galeriehausfans,<\/p>\n\n\n\n<p>das Galeriehaus wird ab Freitag, den\n11. M\u00e4rz, wieder f\u00fcr euch da sein. F\u00fcr Bier, Musik und Diskussion.<\/p>\n\n\n\n<p>Im Hintergrund wird sich aber einiges\n\u00e4ndern. Ich besetze ab Mitte M\u00e4rz einen Ganztagsstelle bei einem\n\u201egro\u00dfen Fassadenbauer der Region\u201c und werde das Galeriehaus von\nda an in ehrenamtlicher Vereinsarbeit weiter betreiben. Das bedeutet\nnat\u00fcrlich, dass auch die \u00d6ffnungszeiten angepasst werden m\u00fcssen.\nIch werde euch rechtzeitig \u00fcber den neuen Plan informieren.<\/p>\n\n\n\n<p>Der Schritt, eine feste Stelle\nanzunehmen, generierte sich aus der wirklich schwierigen Zeit seit\n2020. Drei wegbrechende Jobs haben mich umdenken lassen. Die neue\nGanztagsstelle ist inhaltlich sehr verlockend und eigentlich genau\nauf mich zugeschnitten: Ich werde sie mit gro\u00dfer Motivation\nausf\u00fcllen. Das Galeriehaus ist damit auch kostenseitig entlastet. \n<\/p>\n\n\n\n<p>Nat\u00fcrlich wird es weiterhin einen\nKonzert-, Lesungs- und Theaterbetrieb geben. Auch Ausstellungen\nwerden wie bisher arrangiert werden.<\/p>\n\n\n\n<p>Anbei ein bisschen Musik zum Change. Der John und der Carlos sind ja irgendwie st\u00e4ndige G\u00e4ste.  <\/p>\n\n\n\n<figure class=\"wp-block-embed-youtube wp-block-embed is-type-video is-provider-youtube wp-embed-aspect-4-3 wp-has-aspect-ratio\"><div class=\"wp-block-embed__wrapper\">\n<iframe loading=\"lazy\" title=\"John Lee Hooker feat. Carlos Santana - &quot;Chill Out (Things Gonna Change)&quot;\" width=\"500\" height=\"375\" src=\"https:\/\/www.youtube.com\/embed\/NMLO9c1ZlhU?feature=oembed\" frameborder=\"0\" allow=\"accelerometer; autoplay; clipboard-write; encrypted-media; gyroscope; picture-in-picture; web-share\" referrerpolicy=\"strict-origin-when-cross-origin\" allowfullscreen><\/iframe>\n<\/div><\/figure>\n\n\n\n<p>Viele Gr\u00fc\u00dfe,<\/p>\n\n\n\n<p>Euer Micha<\/p>\n","protected":false},"excerpt":{"rendered":"<p>Liebe Galeriehausfans, das Galeriehaus wird ab Freitag, den 11. M\u00e4rz, wieder f\u00fcr euch da sein. F\u00fcr Bier, Musik und Diskussion. Im Hintergrund wird sich aber einiges \u00e4ndern. Ich besetze ab [&hellip;]<\/p>\n","protected":false},"author":1,"featured_media":0,"comment_status":"open","ping_status":"open","sticky":false,"template":"","format":"standard","meta":{"footnotes":""},"categories":[1],"tags":[],"class_list":["post-1184","post","type-post","status-publish","format-standard","hentry","category-allgemeines"],"_links":{"self":[{"href":"http:\/\/www.galeriehaus.com\/index.php?rest_route=\/wp\/v2\/posts\/1184"}],"collection":[{"href":"http:\/\/www.galeriehaus.com\/index.php?rest_route=\/wp\/v2\/posts"}],"about":[{"href":"http:\/\/www.galeriehaus.com\/index.php?rest_route=\/wp\/v2\/types\/post"}],"author":[{"embeddable":true,"href":"http:\/\/www.galeriehaus.com\/index.php?rest_route=\/wp\/v2\/users\/1"}],"replies":[{"embeddable":true,"href":"http:\/\/www.galeriehaus.com\/index.php?rest_route=%2Fwp%2Fv2%2Fcomments&post=1184"}],"version-history":[{"count":1,"href":"http:\/\/www.galeriehaus.com\/index.php?rest_route=\/wp\/v2\/posts\/1184\/revisions"}],"predecessor-version":[{"id":1185,"href":"http:\/\/www.galeriehaus.com\/index.php?rest_route=\/wp\/v2\/posts\/1184\/revisions\/1185"}],"wp:attachment":[{"href":"http:\/\/www.galeriehaus.com\/index.php?rest_route=%2Fwp%2Fv2%2Fmedia&parent=1184"}],"wp:term":[{"taxonomy":"category","embeddable":true,"href":"http:\/\/www.galeriehaus.com\/index.php?rest_route=%2Fwp%2Fv2%2Fcategories&post=1184"},{"taxonomy":"post_tag","embeddable":true,"href":"http:\/\/www.galeriehaus.com\/index.php?rest_route=%2Fwp%2Fv2%2Ftags&post=1184"}],"curies":[{"name":"wp","href":"https:\/\/api.w.org\/{rel}","templated":true}]}}