{"id":1205,"date":"2022-05-15T14:19:50","date_gmt":"2022-05-15T12:19:50","guid":{"rendered":"http:\/\/www.galeriehaus.com\/?p=1205"},"modified":"2022-05-15T14:19:50","modified_gmt":"2022-05-15T12:19:50","slug":"das-eich-roedel-hermes-19-21-mai","status":"publish","type":"post","link":"http:\/\/www.galeriehaus.com\/?p=1205","title":{"rendered":"Das Eich, R\u00f6del, Hermes: 19.-21. Mai"},"content":{"rendered":"\n<figure class=\"wp-block-image size-large\"><a href=\"http:\/\/www.galeriehaus.com\/wp-content\/uploads\/2022\/05\/Titel.jpg\"><img loading=\"lazy\" decoding=\"async\" width=\"1024\" height=\"384\" src=\"http:\/\/www.galeriehaus.com\/wp-content\/uploads\/2022\/05\/Titel-1024x384.jpg\" alt=\"\" class=\"wp-image-1207\" srcset=\"http:\/\/www.galeriehaus.com\/wp-content\/uploads\/2022\/05\/Titel-1024x384.jpg 1024w, http:\/\/www.galeriehaus.com\/wp-content\/uploads\/2022\/05\/Titel-300x113.jpg 300w, http:\/\/www.galeriehaus.com\/wp-content\/uploads\/2022\/05\/Titel-768x288.jpg 768w, http:\/\/www.galeriehaus.com\/wp-content\/uploads\/2022\/05\/Titel-1536x576.jpg 1536w, http:\/\/www.galeriehaus.com\/wp-content\/uploads\/2022\/05\/Titel.jpg 2048w\" sizes=\"(max-width: 1024px) 100vw, 1024px\" \/><\/a><\/figure>\n\n\n\n<h2 class=\"wp-block-heading\"><a href=\"https:\/\/www.facebook.com\/events\/3246872515581433\/?acontext=%7B%22event_action_history%22%3A[%7B%22surface%22%3A%22page%22%7D]%7D\">Asterix DUNNERKEIL-Kom\u00f6diantische Lesung mit Stefan Eichner<\/a><\/h2>\n\n\n\n<p>Dunnerkeil es is soweid!Stefan &#8222;Das Eich&#8220; Eichner liest am Donnerstag, den <strong>19.5.2022<\/strong>, aus seinem Asterix Band, den er auf oberfr\u00e4nkisch \u00fcbersetzt hat. Die Veranstaltung findet im Galerierhaus ab <strong>20 Uhr<\/strong> statt. Es wird einen B\u00fcchertisch durch die Buchhandlung Kleinschmidt geben und es wird die M\u00f6glichkeit bestehen, sich sein Exemplar signieren zu lassen.Es wird Karten im Vorverkauf im Galeriehaus oder in der Buchhandlung Kleinschmidt f\u00fcr 15 \u20ac geben.<\/p>\n\n\n\n<h2 class=\"wp-block-heading\"><a href=\"https:\/\/www.facebook.com\/events\/371162208273779\/?acontext=%7B%22event_action_history%22%3A[%7B%22surface%22%3A%22page%22%7D]%7D\">Zeilen und Zoigl noir | \u201eDas siebente und letzte Pentakel des Jupiter\u201c \u2013 Lesung mit Dirk-Boris R\u00f6del<\/a><\/h2>\n\n\n\n<p>Dirk-Boris R\u00f6del &#8211; Autor, jahrelanger Chefredakteur des T\u00e4towierMagazins, Japanologe und Hexer &#8211; entf\u00fchrt seine Leser in mystische Welten zwischen Traum und Realit\u00e4t. Und so nimmt er am <strong>20. Mai ab 20 Uhr<\/strong> seine G\u00e4ste mit: zu einem Heimkehrer aus dem Grauen des ersten Weltkriegs, der hinter der Geborgenheit seiner Familie entdeckt, dass irgendetwas ganz entsetzlich falsch l\u00e4uft. Zu einer britischen Arch\u00e4ologin, die auf Artefakte eines Hexenkults aus dem 17. Jahrhundert st\u00f6\u00dft und nach und nach erkennt, dass dieser Kult l\u00e4nger praktiziert wurde, als sie zun\u00e4chst dachte \u2013 sehr viel l\u00e4nger\u2026 Und was hat es mit der aztekischen Urne im V\u00f6lkerkunde-Museum auf sich, die angeblich einen D\u00e4monen beherbergt, der Herzen frisst? Und dann ist da noch der Londoner Sprachwissenschaftler, der in einer alten Zauberschrift ein geheimnisvolles Symbol entdeckt, das ihm unendlichen Reichtum verspricht und ihn doch mehr kosten wird, als er zu zahlen bereit war&#8230;Dirk-Boris R\u00f6del liest aus seinen beiden Erz\u00e4hlb\u00e4nden \u201eLiber Thanatamor\u201c und \u201eDas siebente und letzte Pentakel des Jupiter\u201c und steht nach der Lesung zum Gespr\u00e4ch zur Verf\u00fcgung.Eintritt: 5\u20ac Zur Veranstaltung wird es einen B\u00fcchertisch geben.<\/p>\n\n\n\n<h2 class=\"wp-block-heading\"><a href=\"https:\/\/www.facebook.com\/events\/5171011916275136\/?acontext=%7B%22event_action_history%22%3A[%7B%22surface%22%3A%22page%22%7D]%7D\">Adrian Hermes<\/a><\/h2>\n\n\n\n<p>Adrian Hermes ist ein Berliner Solok\u00fcnstler mit ostfriesischen Wurzeln, der seine Musik selber als &#8222;Short Story Pop&#8220; bezeichnet.Auf seinem aktuellen Album &#8222;Urlaub&#8220; treffen deutschsprachige Kurzgeschichten auf Indie-Popsongs, die das Publikum auf eine Reise in die Lebenswelten unterschiedlicher Protagonisten nimmt, sei es ein Fernseharzt, ein Pilot, ein G\u00e4rtner oder die Katze von nebenann. Humor und Melancholie gehen dabei Hand in Hand und sorgen daf\u00fcr, dass auch Soloauftritte, nur mit Gitarre und Stimme, kurzweilig und unterhaltsam bleiben. Bei Auftritten mit seiner Band kommen die Qualit\u00e4ten 90er beinflussten Indierocks hinzu, die auch ganz unabh\u00e4ngig vom Text ihre Sch\u00f6nheit entfalten.F\u00fcr sein bislang noch unver\u00f6ffentlichtes neues Album, hat sich der Solok\u00fcnstler auf eine kleine verlassene Insel in Griechenland zur\u00fcckgezogen und in fast kompletter Isolation die erlebte Stimmung in Musik und Text \u00fcbersetzt. Das Ergebniss sind 9 neue Songs, die man als philosophische Thesen in Gewand von dadaistischer Neuer Deutscher Welle und meditativen Indiepopsongs mit Americana Einfl\u00fcssen beschreiben kann.Auf den kommenden Konzerten werden diese neuen unver\u00f6ffentlichen Songs bereits Live vorgestellt werden. Adrian Hermes spielt am <strong>21. Mai ab 20 Uhr<\/strong>, Eintritt 8 Euro.<\/p>\n","protected":false},"excerpt":{"rendered":"<p>Asterix DUNNERKEIL-Kom\u00f6diantische Lesung mit Stefan Eichner Dunnerkeil es is soweid!Stefan &#8222;Das Eich&#8220; Eichner liest am Donnerstag, den 19.5.2022, aus seinem Asterix Band, den er auf oberfr\u00e4nkisch \u00fcbersetzt hat. Die Veranstaltung [&hellip;]<\/p>\n","protected":false},"author":1,"featured_media":0,"comment_status":"open","ping_status":"open","sticky":false,"template":"","format":"standard","meta":{"footnotes":""},"categories":[1],"tags":[],"class_list":["post-1205","post","type-post","status-publish","format-standard","hentry","category-allgemeines"],"_links":{"self":[{"href":"http:\/\/www.galeriehaus.com\/index.php?rest_route=\/wp\/v2\/posts\/1205"}],"collection":[{"href":"http:\/\/www.galeriehaus.com\/index.php?rest_route=\/wp\/v2\/posts"}],"about":[{"href":"http:\/\/www.galeriehaus.com\/index.php?rest_route=\/wp\/v2\/types\/post"}],"author":[{"embeddable":true,"href":"http:\/\/www.galeriehaus.com\/index.php?rest_route=\/wp\/v2\/users\/1"}],"replies":[{"embeddable":true,"href":"http:\/\/www.galeriehaus.com\/index.php?rest_route=%2Fwp%2Fv2%2Fcomments&post=1205"}],"version-history":[{"count":1,"href":"http:\/\/www.galeriehaus.com\/index.php?rest_route=\/wp\/v2\/posts\/1205\/revisions"}],"predecessor-version":[{"id":1208,"href":"http:\/\/www.galeriehaus.com\/index.php?rest_route=\/wp\/v2\/posts\/1205\/revisions\/1208"}],"wp:attachment":[{"href":"http:\/\/www.galeriehaus.com\/index.php?rest_route=%2Fwp%2Fv2%2Fmedia&parent=1205"}],"wp:term":[{"taxonomy":"category","embeddable":true,"href":"http:\/\/www.galeriehaus.com\/index.php?rest_route=%2Fwp%2Fv2%2Fcategories&post=1205"},{"taxonomy":"post_tag","embeddable":true,"href":"http:\/\/www.galeriehaus.com\/index.php?rest_route=%2Fwp%2Fv2%2Ftags&post=1205"}],"curies":[{"name":"wp","href":"https:\/\/api.w.org\/{rel}","templated":true}]}}