{"id":1223,"date":"2022-06-29T19:02:24","date_gmt":"2022-06-29T17:02:24","guid":{"rendered":"http:\/\/www.galeriehaus.com\/?p=1223"},"modified":"2022-07-01T20:50:05","modified_gmt":"2022-07-01T18:50:05","slug":"zeilen-und-zoigl-noir-komorebi-musikalische-lesung-mit-tom-hohlfeld-und-linda-trillhaase-2-7-20-uhr","status":"publish","type":"post","link":"http:\/\/www.galeriehaus.com\/?p=1223","title":{"rendered":"ABGESAGT: Zeilen und Zoigl noir | &#8222;Komorebi&#8220;: Musikalische Lesung mit Tom Hohlfeld und Linda Trillhaase"},"content":{"rendered":"\n<figure class=\"wp-block-image size-large\"><a href=\"http:\/\/www.galeriehaus.com\/wp-content\/uploads\/2022\/06\/komrebi.jpg\"><img loading=\"lazy\" decoding=\"async\" width=\"1024\" height=\"576\" src=\"http:\/\/www.galeriehaus.com\/wp-content\/uploads\/2022\/06\/komrebi-1024x576.jpg\" alt=\"\" class=\"wp-image-1224\" srcset=\"http:\/\/www.galeriehaus.com\/wp-content\/uploads\/2022\/06\/komrebi-1024x576.jpg 1024w, http:\/\/www.galeriehaus.com\/wp-content\/uploads\/2022\/06\/komrebi-300x169.jpg 300w, http:\/\/www.galeriehaus.com\/wp-content\/uploads\/2022\/06\/komrebi-768x432.jpg 768w, http:\/\/www.galeriehaus.com\/wp-content\/uploads\/2022\/06\/komrebi-1536x864.jpg 1536w, http:\/\/www.galeriehaus.com\/wp-content\/uploads\/2022\/06\/komrebi.jpg 1919w\" sizes=\"(max-width: 1024px) 100vw, 1024px\" \/><\/a><\/figure>\n\n\n\n<p>+++ Die Veranstaltung ist leider abgesagt. Ein Folgetermin wird bekanntgegeben! +++ <\/p>\n\n\n\n<p><\/p>\n\n\n\n<p>Tom Hohlfeld wird gemeinsam mit Linda Trillhaase seine &#8222;lyrischen Lichtspiele im Alltagsdickicht&#8220; &#8211; &#8222;Komorebi&#8220; &#8211; pr\u00e4sentieren.<\/p>\n\n\n\n<p>Zitat aus dem Klappentext: \u201eSchneller. Mehr. H\u00f6her. Mehr. Weiter. Mehr. In einer beschleunigten Gesellschaft stolpert das erz\u00e4hlende Ich im rasenden Stillstand \u00fcber sich selbst. Ausbruchwillig entrei\u00dft es sich dem st\u00e4dtischen Grau und beginnt sich wieder mit jedem Wandersschritt all dem Phantastischen der Natur anzuverwandeln.<\/p>\n\n\n\n<p>52 lyrische Meditationen aus Tom Hohlfelds Feder, wie sich jemand durch Innehalten endlich wieder zu bewegen entdeckt.\u201c<\/p>\n\n\n\n<p>Linda Trillhaase wird mit ihren Chansons &#8211; vertonten St\u00fccken aus dem literarischen Erbe um Lasker-Sch\u00fcler, Morgenstern, Heine, Goethe, M\u00f6rike u. a. &#8211; einen klangsch\u00f6nen Rahmen f\u00fcr diesen Abend bilden.<br>_<\/p>\n\n\n\n<p>Eintritt: 5\u20ac<\/p>\n\n\n\n<p>Zur Veranstaltung wird es einen B\u00fcchertisch geben.<\/p>\n\n\n\n<p>Bildnachweise: Dennis Lohann, Anton Peschel<\/p>\n","protected":false},"excerpt":{"rendered":"<p>+++ Die Veranstaltung ist leider abgesagt. Ein Folgetermin wird bekanntgegeben! +++ Tom Hohlfeld wird gemeinsam mit Linda Trillhaase seine &#8222;lyrischen Lichtspiele im Alltagsdickicht&#8220; &#8211; &#8222;Komorebi&#8220; &#8211; pr\u00e4sentieren. Zitat aus dem [&hellip;]<\/p>\n","protected":false},"author":1,"featured_media":0,"comment_status":"open","ping_status":"open","sticky":false,"template":"","format":"standard","meta":{"footnotes":""},"categories":[1],"tags":[],"class_list":["post-1223","post","type-post","status-publish","format-standard","hentry","category-allgemeines"],"_links":{"self":[{"href":"http:\/\/www.galeriehaus.com\/index.php?rest_route=\/wp\/v2\/posts\/1223"}],"collection":[{"href":"http:\/\/www.galeriehaus.com\/index.php?rest_route=\/wp\/v2\/posts"}],"about":[{"href":"http:\/\/www.galeriehaus.com\/index.php?rest_route=\/wp\/v2\/types\/post"}],"author":[{"embeddable":true,"href":"http:\/\/www.galeriehaus.com\/index.php?rest_route=\/wp\/v2\/users\/1"}],"replies":[{"embeddable":true,"href":"http:\/\/www.galeriehaus.com\/index.php?rest_route=%2Fwp%2Fv2%2Fcomments&post=1223"}],"version-history":[{"count":2,"href":"http:\/\/www.galeriehaus.com\/index.php?rest_route=\/wp\/v2\/posts\/1223\/revisions"}],"predecessor-version":[{"id":1227,"href":"http:\/\/www.galeriehaus.com\/index.php?rest_route=\/wp\/v2\/posts\/1223\/revisions\/1227"}],"wp:attachment":[{"href":"http:\/\/www.galeriehaus.com\/index.php?rest_route=%2Fwp%2Fv2%2Fmedia&parent=1223"}],"wp:term":[{"taxonomy":"category","embeddable":true,"href":"http:\/\/www.galeriehaus.com\/index.php?rest_route=%2Fwp%2Fv2%2Fcategories&post=1223"},{"taxonomy":"post_tag","embeddable":true,"href":"http:\/\/www.galeriehaus.com\/index.php?rest_route=%2Fwp%2Fv2%2Ftags&post=1223"}],"curies":[{"name":"wp","href":"https:\/\/api.w.org\/{rel}","templated":true}]}}