{"id":1228,"date":"2022-07-04T17:32:33","date_gmt":"2022-07-04T15:32:33","guid":{"rendered":"http:\/\/www.galeriehaus.com\/?p=1228"},"modified":"2022-07-04T17:32:33","modified_gmt":"2022-07-04T15:32:33","slug":"urban-bass-night-9-7-20-uhr","status":"publish","type":"post","link":"http:\/\/www.galeriehaus.com\/?p=1228","title":{"rendered":"Urban Bass Night, 9.7., 20 Uhr"},"content":{"rendered":"\n<figure class=\"wp-block-image size-large\"><a href=\"http:\/\/www.galeriehaus.com\/wp-content\/uploads\/2022\/07\/URBAN-BASS-NIGHT-FINAL.png\"><img loading=\"lazy\" decoding=\"async\" width=\"724\" height=\"1024\" src=\"http:\/\/www.galeriehaus.com\/wp-content\/uploads\/2022\/07\/URBAN-BASS-NIGHT-FINAL-724x1024.png\" alt=\"\" class=\"wp-image-1229\" srcset=\"http:\/\/www.galeriehaus.com\/wp-content\/uploads\/2022\/07\/URBAN-BASS-NIGHT-FINAL-724x1024.png 724w, http:\/\/www.galeriehaus.com\/wp-content\/uploads\/2022\/07\/URBAN-BASS-NIGHT-FINAL-212x300.png 212w, http:\/\/www.galeriehaus.com\/wp-content\/uploads\/2022\/07\/URBAN-BASS-NIGHT-FINAL-768x1086.png 768w, http:\/\/www.galeriehaus.com\/wp-content\/uploads\/2022\/07\/URBAN-BASS-NIGHT-FINAL-1086x1536.png 1086w, http:\/\/www.galeriehaus.com\/wp-content\/uploads\/2022\/07\/URBAN-BASS-NIGHT-FINAL-1448x2048.png 1448w, http:\/\/www.galeriehaus.com\/wp-content\/uploads\/2022\/07\/URBAN-BASS-NIGHT-FINAL.png 1587w\" sizes=\"(max-width: 724px) 100vw, 724px\" \/><\/a><\/figure>\n\n\n\n<p>Am Samstag, 9. Juli ist es endlich wieder soweit und man wird in den altehrw\u00fcrdigen Gew\u00f6lben des Hofer Galeriehauses zu den erlesensten Riddims, aufbauenden Melodien und den m\u00e4chtigen B\u00e4ssen der angesagten globalen &#8222;Urban Bass&#8220; Musik tanzen! Bei der URBAN BASS Night werden dem\/r geneigten H\u00f6rer(in) verschiedene Stilarten zum Anh\u00f6ren und Reinf\u00fchlen geboten. Von Reggae \u00fcber Dub und Roots und Lover\u00b4s Rock bis hin zu aktuellen Subgenres wie Dancehall, Afrobeats, Garage, Dub:Step sowie Jungle\/Drum &amp; Bass ist f\u00fcr alle etwas dabei, die sich gerne rhythmisch zu den energetischen Kl\u00e4ngen der Soundsystems raven wollen. Es wird hei\u00df und darum: Handt\u00fccher nicht vergessen! \ud83d\ude09<\/p>\n\n\n\n<p>Musical Entertainment by<\/p>\n\n\n\n<p>Selector RayOne (Hof\/Bamberg) wird an diesem Abend unterst\u00fctzt von dem talentierten Newcomer<\/p>\n\n\n\n<p>Naz Kabala (Gambia) sowie einem<\/p>\n\n\n\n<p>Special Guest (T.B.A) der noch bekannt gegeben wird.<\/p>\n\n\n\n<p>All Nations welcome!<\/p>\n\n\n\n<p>Einlass: 20 Uhr \u2013 Ende: ?<\/p>\n\n\n\n<p>Tickets an der Abendkasse (Minimum 5 \u20ac &#8211; bis 10 \u20ac willkommen!)<\/p>\n","protected":false},"excerpt":{"rendered":"<p>Am Samstag, 9. Juli ist es endlich wieder soweit und man wird in den altehrw\u00fcrdigen Gew\u00f6lben des Hofer Galeriehauses zu den erlesensten Riddims, aufbauenden Melodien und den m\u00e4chtigen B\u00e4ssen der [&hellip;]<\/p>\n","protected":false},"author":1,"featured_media":0,"comment_status":"open","ping_status":"open","sticky":false,"template":"","format":"standard","meta":{"footnotes":""},"categories":[1],"tags":[],"class_list":["post-1228","post","type-post","status-publish","format-standard","hentry","category-allgemeines"],"_links":{"self":[{"href":"http:\/\/www.galeriehaus.com\/index.php?rest_route=\/wp\/v2\/posts\/1228"}],"collection":[{"href":"http:\/\/www.galeriehaus.com\/index.php?rest_route=\/wp\/v2\/posts"}],"about":[{"href":"http:\/\/www.galeriehaus.com\/index.php?rest_route=\/wp\/v2\/types\/post"}],"author":[{"embeddable":true,"href":"http:\/\/www.galeriehaus.com\/index.php?rest_route=\/wp\/v2\/users\/1"}],"replies":[{"embeddable":true,"href":"http:\/\/www.galeriehaus.com\/index.php?rest_route=%2Fwp%2Fv2%2Fcomments&post=1228"}],"version-history":[{"count":1,"href":"http:\/\/www.galeriehaus.com\/index.php?rest_route=\/wp\/v2\/posts\/1228\/revisions"}],"predecessor-version":[{"id":1230,"href":"http:\/\/www.galeriehaus.com\/index.php?rest_route=\/wp\/v2\/posts\/1228\/revisions\/1230"}],"wp:attachment":[{"href":"http:\/\/www.galeriehaus.com\/index.php?rest_route=%2Fwp%2Fv2%2Fmedia&parent=1228"}],"wp:term":[{"taxonomy":"category","embeddable":true,"href":"http:\/\/www.galeriehaus.com\/index.php?rest_route=%2Fwp%2Fv2%2Fcategories&post=1228"},{"taxonomy":"post_tag","embeddable":true,"href":"http:\/\/www.galeriehaus.com\/index.php?rest_route=%2Fwp%2Fv2%2Ftags&post=1228"}],"curies":[{"name":"wp","href":"https:\/\/api.w.org\/{rel}","templated":true}]}}