{"id":124,"date":"2010-02-25T09:45:28","date_gmt":"2010-02-25T08:45:28","guid":{"rendered":"http:\/\/www.galeriehaus.com\/?p=124"},"modified":"2010-02-25T09:46:27","modified_gmt":"2010-02-25T08:46:27","slug":"film-mit-dem-rad%c2%b4l-nach-budapest-4-marz-2000-uhr","status":"publish","type":"post","link":"http:\/\/www.galeriehaus.com\/?p=124","title":{"rendered":"Film: &#8222;Mit dem Rad\u00b4l nach Budapest&#8220;, 4. M\u00e4rz, 20:00 Uhr"},"content":{"rendered":"<p class=\"MsoNormal\"><img loading=\"lazy\" decoding=\"async\" class=\"alignleft size-medium wp-image-125\" title=\"herzlich_willkommen\" src=\"http:\/\/www.galeriehaus.com\/wp-content\/uploads\/2010\/02\/herzlich_willkommen-300x209.jpg\" alt=\"herzlich_willkommen\" width=\"300\" height=\"209\" srcset=\"http:\/\/www.galeriehaus.com\/wp-content\/uploads\/2010\/02\/herzlich_willkommen-300x209.jpg 300w, http:\/\/www.galeriehaus.com\/wp-content\/uploads\/2010\/02\/herzlich_willkommen.jpg 638w\" sizes=\"(max-width: 300px) 100vw, 300px\" \/>Ein Video von seiner Rad\u00b4l-Tour auf dem Donauradweg von Kelheim bis Budapest zeigt Uwe Kaupenjohann am Donnerstag, 4. M\u00e4rz, um 20 Uhr im Galeriehaus Weinelt in Hof. Wie schon bei seinem Film \u201eNordstjernen\u201c \u00fcbt auch hier die Musikauswahl zu den Bildern aus Bayern, \u00d6sterreich, der Slowakei und Ungarn einen ganz besonderen Reiz aus. Auch dieser Film ist frei von gesprochenen Kommentaren \u2013 nur schauen, h\u00f6ren, f\u00fchlen. Beginnend mit einer Fahrt zum Kloster Weltenburg am Donaudurchbruch ziehen wunderbare Landschaften wie die Wachau oder die ungarische Puszta am Auge des Betrachters vor\u00fcber. \u201eDonau-Feeling\u201c pur. L\u00e4ndliche Idylle gibt es genauso zu entdecken wie pr\u00e4chtige Architektur etwa in Passau, Bratislava, Esztergom und nat\u00fcrlich Budapest. Eintritt frei!<\/p>\n","protected":false},"excerpt":{"rendered":"<p>Ein Video von seiner Rad\u00b4l-Tour auf dem Donauradweg von Kelheim bis Budapest zeigt Uwe Kaupenjohann am Donnerstag, 4. M\u00e4rz, um 20 Uhr im Galeriehaus Weinelt in Hof. Wie schon bei [&hellip;]<\/p>\n","protected":false},"author":1,"featured_media":0,"comment_status":"open","ping_status":"open","sticky":false,"template":"","format":"standard","meta":{"footnotes":""},"categories":[1],"tags":[],"class_list":["post-124","post","type-post","status-publish","format-standard","hentry","category-allgemeines"],"_links":{"self":[{"href":"http:\/\/www.galeriehaus.com\/index.php?rest_route=\/wp\/v2\/posts\/124"}],"collection":[{"href":"http:\/\/www.galeriehaus.com\/index.php?rest_route=\/wp\/v2\/posts"}],"about":[{"href":"http:\/\/www.galeriehaus.com\/index.php?rest_route=\/wp\/v2\/types\/post"}],"author":[{"embeddable":true,"href":"http:\/\/www.galeriehaus.com\/index.php?rest_route=\/wp\/v2\/users\/1"}],"replies":[{"embeddable":true,"href":"http:\/\/www.galeriehaus.com\/index.php?rest_route=%2Fwp%2Fv2%2Fcomments&post=124"}],"version-history":[{"count":2,"href":"http:\/\/www.galeriehaus.com\/index.php?rest_route=\/wp\/v2\/posts\/124\/revisions"}],"predecessor-version":[{"id":127,"href":"http:\/\/www.galeriehaus.com\/index.php?rest_route=\/wp\/v2\/posts\/124\/revisions\/127"}],"wp:attachment":[{"href":"http:\/\/www.galeriehaus.com\/index.php?rest_route=%2Fwp%2Fv2%2Fmedia&parent=124"}],"wp:term":[{"taxonomy":"category","embeddable":true,"href":"http:\/\/www.galeriehaus.com\/index.php?rest_route=%2Fwp%2Fv2%2Fcategories&post=124"},{"taxonomy":"post_tag","embeddable":true,"href":"http:\/\/www.galeriehaus.com\/index.php?rest_route=%2Fwp%2Fv2%2Ftags&post=124"}],"curies":[{"name":"wp","href":"https:\/\/api.w.org\/{rel}","templated":true}]}}