{"id":1256,"date":"2022-09-13T20:05:51","date_gmt":"2022-09-13T18:05:51","guid":{"rendered":"http:\/\/www.galeriehaus.com\/?p=1256"},"modified":"2022-09-13T20:05:51","modified_gmt":"2022-09-13T18:05:51","slug":"zeilen-und-zoigl-noir-lauscher-liest-ephemer-von-dominique-m-taeger-18-09-20-uhr","status":"publish","type":"post","link":"http:\/\/www.galeriehaus.com\/?p=1256","title":{"rendered":"Zeilen und Zoigl noir | Lauscher liest: Ephemer von Dominique M. T\u00e4ger | 18.09. | 20 Uhr"},"content":{"rendered":"\n<figure class=\"wp-block-image size-full\"><a href=\"http:\/\/www.galeriehaus.com\/wp-content\/uploads\/2022\/09\/277804515_3164688727139641_2556972417768338577_n.jpg\"><img loading=\"lazy\" decoding=\"async\" width=\"960\" height=\"720\" src=\"http:\/\/www.galeriehaus.com\/wp-content\/uploads\/2022\/09\/277804515_3164688727139641_2556972417768338577_n.jpg\" alt=\"\" class=\"wp-image-1257\" srcset=\"http:\/\/www.galeriehaus.com\/wp-content\/uploads\/2022\/09\/277804515_3164688727139641_2556972417768338577_n.jpg 960w, http:\/\/www.galeriehaus.com\/wp-content\/uploads\/2022\/09\/277804515_3164688727139641_2556972417768338577_n-300x225.jpg 300w, http:\/\/www.galeriehaus.com\/wp-content\/uploads\/2022\/09\/277804515_3164688727139641_2556972417768338577_n-768x576.jpg 768w\" sizes=\"(max-width: 960px) 100vw, 960px\" \/><\/a><\/figure>\n\n\n\n<p>Das Musikerpaar Tine und Dominique T\u00e4ger (Lauscher, Anderes Holz) liest aus Dominiques Mindfuck-Roman \u201eephemer\u201c und untermalt das Ganze mit folkigen und atmosph\u00e4rischen Kl\u00e4ngen. Sie bringen Singende S\u00e4ge, Waldzither und Effektger\u00e4te mit und fesseln das Publikum nicht zuletzt mit ihrer au\u00dfergew\u00f6hnlichen B\u00fchnenpr\u00e4senz.<\/p>\n\n\n\n<p>Sie erz\u00e4hlen von zwei P\u00e4rchen, die unterschiedlicher nicht sein k\u00f6nnen:<br>Da sind Etta und W mit ihrem Leben inmitten der Boh\u00e8me Anfang dieses Jahrtausends.<\/p>\n\n\n\n<p>Und da sind Claire und Moll, jugendliche Rebellen Ende der Achtziger Jahre, die die Kulturszene Deutschlands aufmischen.<\/p>\n\n\n\n<p>Was haben die beiden P\u00e4rchen miteinander zu tun? Das ist eine Frage, die w\u00e4hrend der Lesung sicherlich nicht abschlie\u00dfend gekl\u00e4rt wird.<br>_<\/p>\n\n\n\n<p>Eintritt: 5\u20ac<\/p>\n\n\n\n<p>Zur Veranstaltung wird es einen B\u00fcchertisch geben.<\/p>\n\n\n\n<p>Eintritt 5 Euro<\/p>\n","protected":false},"excerpt":{"rendered":"<p>Das Musikerpaar Tine und Dominique T\u00e4ger (Lauscher, Anderes Holz) liest aus Dominiques Mindfuck-Roman \u201eephemer\u201c und untermalt das Ganze mit folkigen und atmosph\u00e4rischen Kl\u00e4ngen. Sie bringen Singende S\u00e4ge, Waldzither und Effektger\u00e4te [&hellip;]<\/p>\n","protected":false},"author":1,"featured_media":0,"comment_status":"open","ping_status":"open","sticky":false,"template":"","format":"standard","meta":{"footnotes":""},"categories":[1],"tags":[],"class_list":["post-1256","post","type-post","status-publish","format-standard","hentry","category-allgemeines"],"_links":{"self":[{"href":"http:\/\/www.galeriehaus.com\/index.php?rest_route=\/wp\/v2\/posts\/1256"}],"collection":[{"href":"http:\/\/www.galeriehaus.com\/index.php?rest_route=\/wp\/v2\/posts"}],"about":[{"href":"http:\/\/www.galeriehaus.com\/index.php?rest_route=\/wp\/v2\/types\/post"}],"author":[{"embeddable":true,"href":"http:\/\/www.galeriehaus.com\/index.php?rest_route=\/wp\/v2\/users\/1"}],"replies":[{"embeddable":true,"href":"http:\/\/www.galeriehaus.com\/index.php?rest_route=%2Fwp%2Fv2%2Fcomments&post=1256"}],"version-history":[{"count":1,"href":"http:\/\/www.galeriehaus.com\/index.php?rest_route=\/wp\/v2\/posts\/1256\/revisions"}],"predecessor-version":[{"id":1258,"href":"http:\/\/www.galeriehaus.com\/index.php?rest_route=\/wp\/v2\/posts\/1256\/revisions\/1258"}],"wp:attachment":[{"href":"http:\/\/www.galeriehaus.com\/index.php?rest_route=%2Fwp%2Fv2%2Fmedia&parent=1256"}],"wp:term":[{"taxonomy":"category","embeddable":true,"href":"http:\/\/www.galeriehaus.com\/index.php?rest_route=%2Fwp%2Fv2%2Fcategories&post=1256"},{"taxonomy":"post_tag","embeddable":true,"href":"http:\/\/www.galeriehaus.com\/index.php?rest_route=%2Fwp%2Fv2%2Ftags&post=1256"}],"curies":[{"name":"wp","href":"https:\/\/api.w.org\/{rel}","templated":true}]}}