{"id":128,"date":"2010-02-25T23:10:07","date_gmt":"2010-02-25T22:10:07","guid":{"rendered":"http:\/\/www.galeriehaus.com\/?p=128"},"modified":"2010-02-26T11:03:54","modified_gmt":"2010-02-26T10:03:54","slug":"8-und-17-marz-frauentage-hof","status":"publish","type":"post","link":"http:\/\/www.galeriehaus.com\/?p=128","title":{"rendered":"8. und 17. M\u00e4rz: Frauentage Hof"},"content":{"rendered":"<p>8. M\u00e4rz &#8211; Film &#8222;Mit einem L\u00e4cheln auf den Lippen&#8220;<\/p>\n<p>Gezeigt wird der Film \u201eMit einem L\u00e4cheln auf den Lippen\u201c (57 Min.) der Berliner Filmemacherin Anne Frisius in Zusammenarbeit mit Nadja Damm und Monica Orjeda. Er erz\u00e4hlt die Geschichte von Ana S. aus Peru, die als Au-pair in Deutschland Geld verdienen wollte, um ihre Kinder in der Heimat zu versorgen. Die Arbeit in einem Hamburger Haushalt w\u00fcrde \u00e4hnlich sein wie in Chile, dachte sie\u2026. Die musikalische Umrahmung \u00fcbernimmt eine \u201eFrauenband\u201c.<\/p>\n<p>17. M\u00e4rz &#8211; Diskussionsrunde &#8222;20 Jahre Deutsche Einheit aus Frauensicht&#8220;<\/p>\n<p>F\u00fcnf Frauen, geboren und aufgewachsen in der DDR, wohnhaft in Hof und Plauen, werfen einen Blick auf 20 Jahre Wiedervereinigung. Ankn\u00fcpfend an ihre Biographien sprechen sie \u00fcber Ausbildung und Beruf, Partnerschaft, Kinderwunsch, Familienleben, Gemeinschaft und ihre Zukunftserwartungen. Moderation: Silke Malburger.<\/p>\n<p>Veranstalterinnen: Soroptimist International Club Hof und Gleichstellungsbeauftragte der Stadt Hof<\/p>\n<p>Veranstaltungsbeginn jeweils 20:00 Uhr<img loading=\"lazy\" decoding=\"async\" class=\"alignleft size-medium wp-image-129\" title=\"6\" src=\"http:\/\/www.galeriehaus.com\/wp-content\/uploads\/2010\/02\/6-300x165.jpg\" alt=\"6\" width=\"300\" height=\"165\" srcset=\"http:\/\/www.galeriehaus.com\/wp-content\/uploads\/2010\/02\/6-300x165.jpg 300w, http:\/\/www.galeriehaus.com\/wp-content\/uploads\/2010\/02\/6-1023x566.jpg 1023w\" sizes=\"(max-width: 300px) 100vw, 300px\" \/><\/p>\n","protected":false},"excerpt":{"rendered":"<p>8. M\u00e4rz &#8211; Film &#8222;Mit einem L\u00e4cheln auf den Lippen&#8220; Gezeigt wird der Film \u201eMit einem L\u00e4cheln auf den Lippen\u201c (57 Min.) der Berliner Filmemacherin Anne Frisius in Zusammenarbeit mit [&hellip;]<\/p>\n","protected":false},"author":1,"featured_media":0,"comment_status":"open","ping_status":"open","sticky":false,"template":"","format":"standard","meta":{"footnotes":""},"categories":[1],"tags":[],"class_list":["post-128","post","type-post","status-publish","format-standard","hentry","category-allgemeines"],"_links":{"self":[{"href":"http:\/\/www.galeriehaus.com\/index.php?rest_route=\/wp\/v2\/posts\/128"}],"collection":[{"href":"http:\/\/www.galeriehaus.com\/index.php?rest_route=\/wp\/v2\/posts"}],"about":[{"href":"http:\/\/www.galeriehaus.com\/index.php?rest_route=\/wp\/v2\/types\/post"}],"author":[{"embeddable":true,"href":"http:\/\/www.galeriehaus.com\/index.php?rest_route=\/wp\/v2\/users\/1"}],"replies":[{"embeddable":true,"href":"http:\/\/www.galeriehaus.com\/index.php?rest_route=%2Fwp%2Fv2%2Fcomments&post=128"}],"version-history":[{"count":2,"href":"http:\/\/www.galeriehaus.com\/index.php?rest_route=\/wp\/v2\/posts\/128\/revisions"}],"predecessor-version":[{"id":131,"href":"http:\/\/www.galeriehaus.com\/index.php?rest_route=\/wp\/v2\/posts\/128\/revisions\/131"}],"wp:attachment":[{"href":"http:\/\/www.galeriehaus.com\/index.php?rest_route=%2Fwp%2Fv2%2Fmedia&parent=128"}],"wp:term":[{"taxonomy":"category","embeddable":true,"href":"http:\/\/www.galeriehaus.com\/index.php?rest_route=%2Fwp%2Fv2%2Fcategories&post=128"},{"taxonomy":"post_tag","embeddable":true,"href":"http:\/\/www.galeriehaus.com\/index.php?rest_route=%2Fwp%2Fv2%2Ftags&post=128"}],"curies":[{"name":"wp","href":"https:\/\/api.w.org\/{rel}","templated":true}]}}