{"id":1343,"date":"2023-05-19T11:19:11","date_gmt":"2023-05-19T09:19:11","guid":{"rendered":"http:\/\/www.galeriehaus.com\/?p=1343"},"modified":"2023-05-19T11:19:11","modified_gmt":"2023-05-19T09:19:11","slug":"absinth-auspuff-kleinherne-trifft-spranger-20-05-20-uhr","status":"publish","type":"post","link":"http:\/\/www.galeriehaus.com\/?p=1343","title":{"rendered":"ABSINTH\/AUSPUFF &#8211; Kleinherne trifft Spranger\u00a0| 20.05. | 20 Uhr"},"content":{"rendered":"\n<figure class=\"wp-block-image size-large\"><a href=\"http:\/\/www.galeriehaus.com\/wp-content\/uploads\/2023\/05\/345615123_1293703711357472_2034078359950436215_n.jpg\"><img loading=\"lazy\" decoding=\"async\" width=\"1024\" height=\"512\" src=\"http:\/\/www.galeriehaus.com\/wp-content\/uploads\/2023\/05\/345615123_1293703711357472_2034078359950436215_n-1024x512.jpg\" alt=\"\" class=\"wp-image-1344\" srcset=\"http:\/\/www.galeriehaus.com\/wp-content\/uploads\/2023\/05\/345615123_1293703711357472_2034078359950436215_n-1024x512.jpg 1024w, http:\/\/www.galeriehaus.com\/wp-content\/uploads\/2023\/05\/345615123_1293703711357472_2034078359950436215_n-300x150.jpg 300w, http:\/\/www.galeriehaus.com\/wp-content\/uploads\/2023\/05\/345615123_1293703711357472_2034078359950436215_n-768x384.jpg 768w, http:\/\/www.galeriehaus.com\/wp-content\/uploads\/2023\/05\/345615123_1293703711357472_2034078359950436215_n.jpg 1280w\" sizes=\"(max-width: 1024px) 100vw, 1024px\" \/><\/a><\/figure>\n\n\n\n<p>Der in Eichst\u00e4tt lebende Autor und Dozent Michael Kleinherne hat bereits mehrmals seine Romane und Kurzgeschichten in Hof in gemeinsamen Lesungen mit dem Hofer Kollegen Roland Spranger vorgestellt. Auch diesmal treten die beiden Schriftsteller wieder gemeinsam vor das Publikum im Galeriehaus.<\/p>\n\n\n\n<p>Michael Kleinherne liest aus seinem neuen Roman ABSINTH, der vor Kurzem im Verlag &#8222;Kulturmaschinen&#8220; ver\u00f6ffentlicht wurde:<\/p>\n\n\n\n<p>W\u00e4hrend einer Reise in der Toskana bemerkt Marius, dass Maria sich ihm zunehmend entfremdet. Sie sind aus dem Urlaub zur\u00fcck, da geschieht etwas, das ihre Beziehung f\u00fcr immer ver\u00e4ndern wird.<br>Ein Roman \u00fcber die Liebe und ihr Scheitern, famili\u00e4re Verstrickungen, Eifersucht und Trauer sowie Momente des Gl\u00fccks.<\/p>\n\n\n\n<p>Roland Spranger wird sich nicht nur mit Michael Kleinherne \u00fcber dessen neuen Roman unterhalten, sondern auch einen eigenen Text lesen: AUSPUFF &#8211; eine Short Story, die ebenfalls im Verlag &#8222;Kulturmaschinen&#8220; erschienen ist.<\/p>\n\n\n\n<p>Die Veranstaltung wird vom Deutschen Literaturfonds \/ Neustart Kultur gef\u00f6rdert. Daf\u00fcr herzlichen Dank!<\/p>\n","protected":false},"excerpt":{"rendered":"<p>Der in Eichst\u00e4tt lebende Autor und Dozent Michael Kleinherne hat bereits mehrmals seine Romane und Kurzgeschichten in Hof in gemeinsamen Lesungen mit dem Hofer Kollegen Roland Spranger vorgestellt. Auch diesmal [&hellip;]<\/p>\n","protected":false},"author":1,"featured_media":0,"comment_status":"open","ping_status":"open","sticky":false,"template":"","format":"standard","meta":{"footnotes":""},"categories":[1],"tags":[],"class_list":["post-1343","post","type-post","status-publish","format-standard","hentry","category-allgemeines"],"_links":{"self":[{"href":"http:\/\/www.galeriehaus.com\/index.php?rest_route=\/wp\/v2\/posts\/1343"}],"collection":[{"href":"http:\/\/www.galeriehaus.com\/index.php?rest_route=\/wp\/v2\/posts"}],"about":[{"href":"http:\/\/www.galeriehaus.com\/index.php?rest_route=\/wp\/v2\/types\/post"}],"author":[{"embeddable":true,"href":"http:\/\/www.galeriehaus.com\/index.php?rest_route=\/wp\/v2\/users\/1"}],"replies":[{"embeddable":true,"href":"http:\/\/www.galeriehaus.com\/index.php?rest_route=%2Fwp%2Fv2%2Fcomments&post=1343"}],"version-history":[{"count":1,"href":"http:\/\/www.galeriehaus.com\/index.php?rest_route=\/wp\/v2\/posts\/1343\/revisions"}],"predecessor-version":[{"id":1345,"href":"http:\/\/www.galeriehaus.com\/index.php?rest_route=\/wp\/v2\/posts\/1343\/revisions\/1345"}],"wp:attachment":[{"href":"http:\/\/www.galeriehaus.com\/index.php?rest_route=%2Fwp%2Fv2%2Fmedia&parent=1343"}],"wp:term":[{"taxonomy":"category","embeddable":true,"href":"http:\/\/www.galeriehaus.com\/index.php?rest_route=%2Fwp%2Fv2%2Fcategories&post=1343"},{"taxonomy":"post_tag","embeddable":true,"href":"http:\/\/www.galeriehaus.com\/index.php?rest_route=%2Fwp%2Fv2%2Ftags&post=1343"}],"curies":[{"name":"wp","href":"https:\/\/api.w.org\/{rel}","templated":true}]}}