{"id":1400,"date":"2023-10-28T15:11:31","date_gmt":"2023-10-28T13:11:31","guid":{"rendered":"http:\/\/www.galeriehaus.com\/?p=1400"},"modified":"2023-10-28T15:11:31","modified_gmt":"2023-10-28T13:11:31","slug":"zuendfunk-stadtwerke-live-von-den-hofer-filmtagen-mit-achim-60-bogdahn","status":"publish","type":"post","link":"http:\/\/www.galeriehaus.com\/?p=1400","title":{"rendered":"Z\u00fcndfunk Stadtwerke Live von den Hofer Filmtagen mit Achim 60 Bogdahn"},"content":{"rendered":"\n<figure class=\"wp-block-image size-full\"><a href=\"http:\/\/www.galeriehaus.com\/wp-content\/uploads\/2023\/10\/br-bild-achim-bogdahn-100_v-img__16__9__l_-1dc0e8f74459dd04c91a0d45af4972b9069f1135.jpg\"><img loading=\"lazy\" decoding=\"async\" width=\"606\" height=\"341\" src=\"http:\/\/www.galeriehaus.com\/wp-content\/uploads\/2023\/10\/br-bild-achim-bogdahn-100_v-img__16__9__l_-1dc0e8f74459dd04c91a0d45af4972b9069f1135.jpg\" alt=\"\" class=\"wp-image-1401\" srcset=\"http:\/\/www.galeriehaus.com\/wp-content\/uploads\/2023\/10\/br-bild-achim-bogdahn-100_v-img__16__9__l_-1dc0e8f74459dd04c91a0d45af4972b9069f1135.jpg 606w, http:\/\/www.galeriehaus.com\/wp-content\/uploads\/2023\/10\/br-bild-achim-bogdahn-100_v-img__16__9__l_-1dc0e8f74459dd04c91a0d45af4972b9069f1135-300x169.jpg 300w\" sizes=\"(max-width: 606px) 100vw, 606px\" \/><\/a><\/figure>\n\n\n\n<p>Der Z\u00fcndfunk ist wieder live dabei bei den Hofer Filmtagen! Wir z\u00fcnden ein Feuerwerk an Filmgeschichten, mit tollen G\u00e4sten und gro\u00dfen Ideen. Die Sendung aus dem Galeriehaus Hof, dem Ort, an dem die Filmtage vor 57 Jahren erfunden wurden, ist inzwischen eine unverzichtbare Tradition geworden.<\/p>\n\n\n\n<p>Mit hochkar\u00e4tigen G\u00e4sten Live im Radio<\/p>\n\n\n\n<p>Zu Gast bei Achim Bogdahn sind unter anderem Laurens P\u00e9rol, junger Regisseur aus Stuttgart, der in Norwegen auf den Lofoten studiert hat. Dort ist auch die Idee zu seinem Film &#8222;\u00c5 \u00f8ve&#8220; entstanden: die junge talentierte Trompeterin Trine weigert sich zu fliegen \u2013 als sie pl\u00f6tzlich zu einem Vorspiel nach Oslo eingeladen wird, wird die Zeit knapp. Sie muss und will durch ganz Norwegen trampen, und Laurens P\u00e9rol begleitet sie bei diesem roadtrip.<\/p>\n","protected":false},"excerpt":{"rendered":"<p>Der Z\u00fcndfunk ist wieder live dabei bei den Hofer Filmtagen! Wir z\u00fcnden ein Feuerwerk an Filmgeschichten, mit tollen G\u00e4sten und gro\u00dfen Ideen. Die Sendung aus dem Galeriehaus Hof, dem Ort, [&hellip;]<\/p>\n","protected":false},"author":1,"featured_media":0,"comment_status":"open","ping_status":"open","sticky":false,"template":"","format":"standard","meta":{"footnotes":""},"categories":[1],"tags":[],"class_list":["post-1400","post","type-post","status-publish","format-standard","hentry","category-allgemeines"],"_links":{"self":[{"href":"http:\/\/www.galeriehaus.com\/index.php?rest_route=\/wp\/v2\/posts\/1400"}],"collection":[{"href":"http:\/\/www.galeriehaus.com\/index.php?rest_route=\/wp\/v2\/posts"}],"about":[{"href":"http:\/\/www.galeriehaus.com\/index.php?rest_route=\/wp\/v2\/types\/post"}],"author":[{"embeddable":true,"href":"http:\/\/www.galeriehaus.com\/index.php?rest_route=\/wp\/v2\/users\/1"}],"replies":[{"embeddable":true,"href":"http:\/\/www.galeriehaus.com\/index.php?rest_route=%2Fwp%2Fv2%2Fcomments&post=1400"}],"version-history":[{"count":1,"href":"http:\/\/www.galeriehaus.com\/index.php?rest_route=\/wp\/v2\/posts\/1400\/revisions"}],"predecessor-version":[{"id":1402,"href":"http:\/\/www.galeriehaus.com\/index.php?rest_route=\/wp\/v2\/posts\/1400\/revisions\/1402"}],"wp:attachment":[{"href":"http:\/\/www.galeriehaus.com\/index.php?rest_route=%2Fwp%2Fv2%2Fmedia&parent=1400"}],"wp:term":[{"taxonomy":"category","embeddable":true,"href":"http:\/\/www.galeriehaus.com\/index.php?rest_route=%2Fwp%2Fv2%2Fcategories&post=1400"},{"taxonomy":"post_tag","embeddable":true,"href":"http:\/\/www.galeriehaus.com\/index.php?rest_route=%2Fwp%2Fv2%2Ftags&post=1400"}],"curies":[{"name":"wp","href":"https:\/\/api.w.org\/{rel}","templated":true}]}}