{"id":1452,"date":"2023-12-10T15:44:41","date_gmt":"2023-12-10T14:44:41","guid":{"rendered":"http:\/\/www.galeriehaus.com\/?p=1452"},"modified":"2023-12-10T15:44:41","modified_gmt":"2023-12-10T14:44:41","slug":"alfred-hertrich-ernennung-zum-kuenstler-der-metropolregion-nuernberg-14-12-1930-uhr","status":"publish","type":"post","link":"http:\/\/www.galeriehaus.com\/?p=1452","title":{"rendered":"Alfred Hertrich: Ernennung zum K\u00fcnstler der Metropolregion N\u00fcrnberg | 14.12. | 19:30 Uhr"},"content":{"rendered":"\n<figure class=\"wp-block-image size-large\"><a href=\"http:\/\/www.galeriehaus.com\/wp-content\/uploads\/2023\/12\/csm_Alfred_Hertrich_02e4d46e84.webp\"><img loading=\"lazy\" decoding=\"async\" width=\"724\" height=\"1024\" src=\"http:\/\/www.galeriehaus.com\/wp-content\/uploads\/2023\/12\/csm_Alfred_Hertrich_02e4d46e84-724x1024.webp\" alt=\"\" class=\"wp-image-1453\" srcset=\"http:\/\/www.galeriehaus.com\/wp-content\/uploads\/2023\/12\/csm_Alfred_Hertrich_02e4d46e84-724x1024.webp 724w, http:\/\/www.galeriehaus.com\/wp-content\/uploads\/2023\/12\/csm_Alfred_Hertrich_02e4d46e84-212x300.webp 212w, http:\/\/www.galeriehaus.com\/wp-content\/uploads\/2023\/12\/csm_Alfred_Hertrich_02e4d46e84-768x1087.webp 768w, http:\/\/www.galeriehaus.com\/wp-content\/uploads\/2023\/12\/csm_Alfred_Hertrich_02e4d46e84.webp 848w\" sizes=\"(max-width: 724px) 100vw, 724px\" \/><\/a><\/figure>\n\n\n\n<p>Die Jury des Forums Kultur der Europ\u00e4ischen Metropolregion N\u00fcrnberg hat den Maler und Jazzgitarristen Alfred Hertrich zum K\u00fcnstler der Metropolregion N\u00fcrnberg gew\u00e4hlt.<\/p>\n\n\n\n<p>Die politische Sprecherin des Forums Kultur der Metropolregion, Hofs Oberb\u00fcrgermeisterin Eva D\u00f6hla, wird die Auszeichnung bei einem Konzert im Galeriehaus Hof am 23. November 2023 \u00fcberreichen. Auf Einladung des Hofer Kulturamtes gastiert Hertrich mit seinem kongenialen musikalischen Partner am Bass Wilfried Lichtenberg. Das Konzert beginnt um 19:30 Uhr.<\/p>\n\n\n\n<p>Alfred Hertrich ist freischaffender Graphiker, Maler und Jazzgitarrist, aufgewachsen in Rehau, lebt und arbeitet in St\u00f6rnstein bei Weiden in der Oberpfalz. Seine berufliche Laufbahn begann als Positivretuscheur und graphischer Zeichner in N\u00fcrnberg. Anschlie\u00dfend war er bei namhaften Unternehmen t\u00e4tig. Seit 1985 wirkt er als freischaffender Graphiker und Designer. Er entwarf viele Signets, Markenzeichen, Gestaltungskonzepte f\u00fcr Wirtschaft, Industrie, Beh\u00f6rden sowie kulturelle Einrichtungen; z.B. 28 Jahre die Plakate f\u00fcr die Internationalen Hofer Filmtage. Fast genauso lange hat er \u00fcber zwei Jahrzehnte bis 2014 einen Kalender herausgegeben. Er denkt und arbeitet gerne seriell.<\/p>\n\n\n\n<p>Hertrichs Arbeiten sind gepr\u00e4gt durch Reisen in nordische L\u00e4nder. Abseits von Touristenstr\u00f6men hat er Landschaften erkundet und dabei Skizzen und Aquarelle gefertigt. Die karge Natur und die Lichtspiele der Sonne hat er in vorwiegend photographischen Schwarz-Wei\u00df-Aufnahmen festgehalten. Diese Vorarbeiten dienten ihm sp\u00e4ter bei der k\u00fcnstlerischen Gestaltung seiner Nordlandbilder. Die Bilder von Alfred Hertrich sind graphisch reduziert, so zeigt er sich als Konstruktivist. Seine Malerei ist gegenst\u00e4ndlich, realistisch, doch weist sie ebenso ins Abstrakte.<\/p>\n\n\n\n<p>Als Gitarrist geh\u00f6rt Alfred Hertrich zu dem fr\u00fchen Kreis der Hofer Jazzszene um Werner Weinelt, in dem sich beispielsweise auch Filmleute wie Heinz Badewitz und Uwe Brandner trafen, aber auch Christian Burchard (Embryo) mitwirkte. Alfred Hertrich gr\u00fcndete sp\u00e4ter seine eigenen Ensembles. Mit dem Bassisten Wilfried Lichtenberg besteht nun seit vielen Jahren eine lange Musikerfreundschaft. Dieses Duo bildet die Basis f\u00fcr sensiblen Cool- und Modernjazz mit teils kammermusikalischem Anspruch. In Kritiken nennt man Hertrich einen Puristen und \u00c4stheten. Spannende Dialoge, bluesig und pulsierend, pr\u00e4gen die Vortr\u00e4ge auch in Verbindung mit Lesungen, z.B. Jazz &amp; Lyrik mit Ingo Cesaro oder J\u00fcrgen vom Scheidt.<\/p>\n\n\n\n<p>Bereits 1975 wurde von Hertrich der Jazz-Zirkel Weiden gegr\u00fcndet. Jazz von Weltformat in die ostbayerische Provinz zu holen war der Ansporn von Anfang an. Dass dabei \u2013 lange vor der Grenz\u00f6ffnung \u2013 auch ein Blick in die osteurop\u00e4ische Nachbarschaft gelang, geh\u00f6rte selbstverst\u00e4ndlich dazu. Mit tschechischen Musikern wie dem Schlagzeuger Josef Vejvoda oder dem Bassisten Franti\u0161ek Uhl\u00ed\u0159 tritt er immer wieder auf. Mehrere hundert Plakate f\u00fcr die Weidener Konzerte stammen \u00fcber die Jahrzehnte aus Hertrichs Atelier.<\/p>\n\n\n\n<p>Alfred Hertrich ist kein K\u00fcnstler, der sich vor der Welt versteckt und im stillen K\u00e4mmerlein in sich hineinschaut. Er ist kein Gr\u00fcndler in den Tiefen der eigenen Seele. Er holt sich Inspiration und Motive drau\u00dfen. Aber im Gegensatz zu beispielsweise den Impressionisten nicht in sonnendurchfluteten angenehmen Parkanlagen oder am Mittelmehrstrand. Er geht dahin, wo es auch mal wehtun kann. Die nordischen L\u00e4nder, Finnland, D\u00e4nemark und besonders Norwegen sind seine zweite Heimat und sein k\u00fcnstlerisches Reservoir gleicherma\u00dfen.<\/p>\n\n\n\n<p>Alfred Hertrich malt eigentlich nur quadratische Bilder. Das Quadrat passt zu seinem Bem\u00fchen, Struktur zu schaffen, auch als Mittel des Erkennens. Dass er auch als Fotograf das Mittelformat bevorzugt, die 6 x 6 cm gro\u00dfen Negative der Rolleiflex, ist konsequent. Wieder das Quadrat, das in der Kunstgeschichte im 20. Jahrhundert so eigentlich entdeckt wurde.<\/p>\n\n\n\n<p>Hertrich oszilliert zwischen Gegenst\u00e4ndlichkeit und Abstraktion. Auch das ein Zeichen des 20. Jahrhunderts bis heute. Im Alter, so sagte er \u00fcber sich, finde er wieder mehr zum Gegenst\u00e4ndlichen zur\u00fcck, das aber f\u00fcr ihn immer Ausgangspunkt war. Er ist einer, der Wert auf Handwerk, auf zeichnerisches K\u00f6nnen legt. F\u00fcr ihn ist das Voraussetzung, um sich vom Gegenst\u00e4ndlichen l\u00f6sen zu d\u00fcrfen. Da schimmert ein wenig durch, dass er auch viele Jahre als Ausbilder f\u00fcr grafische Berufe gearbeitet hat.<\/p>\n\n\n\n<p>Dieses Streben nach Ordnung, besser das Streben nach dem Erkennen des zugrundeliegenden Gef\u00fcges, nach der Konstruktion, das macht einen Reiz der Arbeiten Hertrichs aus. Ein Synonym daf\u00fcr w\u00e4re Komposition. Hier schlie\u00dft sich der Kreis zum Jazz. Jeder Jazzer muss die Regeln kennen, von der er dann abweicht. Alfred Hertrich kennt die Regeln der Bildgestaltung ebenso wie die in der Musik. Er hat alle Freiheit, sie zu interpretieren \u2013 abzuweichen, zur\u00fcckzufinden, weiterzugehen.<\/p>\n\n\n\n<p>Bildende Kunst und Musik; bei Alfred Hertrich ist das Eine nicht ohne das Andere zu denken.<\/p>\n","protected":false},"excerpt":{"rendered":"<p>Die Jury des Forums Kultur der Europ\u00e4ischen Metropolregion N\u00fcrnberg hat den Maler und Jazzgitarristen Alfred Hertrich zum K\u00fcnstler der Metropolregion N\u00fcrnberg gew\u00e4hlt. Die politische Sprecherin des Forums Kultur der Metropolregion, [&hellip;]<\/p>\n","protected":false},"author":1,"featured_media":0,"comment_status":"open","ping_status":"open","sticky":false,"template":"","format":"standard","meta":{"footnotes":""},"categories":[1],"tags":[],"class_list":["post-1452","post","type-post","status-publish","format-standard","hentry","category-allgemeines"],"_links":{"self":[{"href":"http:\/\/www.galeriehaus.com\/index.php?rest_route=\/wp\/v2\/posts\/1452"}],"collection":[{"href":"http:\/\/www.galeriehaus.com\/index.php?rest_route=\/wp\/v2\/posts"}],"about":[{"href":"http:\/\/www.galeriehaus.com\/index.php?rest_route=\/wp\/v2\/types\/post"}],"author":[{"embeddable":true,"href":"http:\/\/www.galeriehaus.com\/index.php?rest_route=\/wp\/v2\/users\/1"}],"replies":[{"embeddable":true,"href":"http:\/\/www.galeriehaus.com\/index.php?rest_route=%2Fwp%2Fv2%2Fcomments&post=1452"}],"version-history":[{"count":1,"href":"http:\/\/www.galeriehaus.com\/index.php?rest_route=\/wp\/v2\/posts\/1452\/revisions"}],"predecessor-version":[{"id":1454,"href":"http:\/\/www.galeriehaus.com\/index.php?rest_route=\/wp\/v2\/posts\/1452\/revisions\/1454"}],"wp:attachment":[{"href":"http:\/\/www.galeriehaus.com\/index.php?rest_route=%2Fwp%2Fv2%2Fmedia&parent=1452"}],"wp:term":[{"taxonomy":"category","embeddable":true,"href":"http:\/\/www.galeriehaus.com\/index.php?rest_route=%2Fwp%2Fv2%2Fcategories&post=1452"},{"taxonomy":"post_tag","embeddable":true,"href":"http:\/\/www.galeriehaus.com\/index.php?rest_route=%2Fwp%2Fv2%2Ftags&post=1452"}],"curies":[{"name":"wp","href":"https:\/\/api.w.org\/{rel}","templated":true}]}}