{"id":1623,"date":"2025-04-10T06:47:34","date_gmt":"2025-04-10T04:47:34","guid":{"rendered":"http:\/\/www.galeriehaus.com\/?p=1623"},"modified":"2025-04-10T06:47:34","modified_gmt":"2025-04-10T04:47:34","slug":"theater-laesterzungen-11-12-04-20-uhr","status":"publish","type":"post","link":"http:\/\/www.galeriehaus.com\/?p=1623","title":{"rendered":"Theater L\u00e4sterzungen | 11. + 12.04. | 20 Uhr"},"content":{"rendered":"\n<figure class=\"wp-block-image size-full\"><a href=\"http:\/\/www.galeriehaus.com\/wp-content\/uploads\/2025\/04\/Laesterzungen.jpg\"><img loading=\"lazy\" decoding=\"async\" width=\"583\" height=\"583\" src=\"http:\/\/www.galeriehaus.com\/wp-content\/uploads\/2025\/04\/Laesterzungen.jpg\" alt=\"\" class=\"wp-image-1624\" srcset=\"http:\/\/www.galeriehaus.com\/wp-content\/uploads\/2025\/04\/Laesterzungen.jpg 583w, http:\/\/www.galeriehaus.com\/wp-content\/uploads\/2025\/04\/Laesterzungen-300x300.jpg 300w, http:\/\/www.galeriehaus.com\/wp-content\/uploads\/2025\/04\/Laesterzungen-150x150.jpg 150w\" sizes=\"(max-width: 583px) 100vw, 583px\" \/><\/a><\/figure>\n\n\n\n<p>Das freie Theater Pelle e.V. bringt mit seiner neuen Produktion \u201eL\u00e4sterzungen\u201c ein St\u00fcck auf die B\u00fchne, das die Hofer Debattenkultur in all seiner Sch\u00e4rfe thematisiert. Wann und Wo? Am 11. und 12. April 2025 im Galeriehaus Hof. Jeweils um 20 Uhr. Eintritt 12 Euro. 90 Minuten. Mit Live-Musik.<\/p>\n\n\n\n<p>Inspiriert wurde das St\u00fcck von Peter Handkes \u201ePublikumsbeschimpfung\u201c, einem provokanten Werk, das die Rolle des Publikums und die Konventionen des Theaters herausfordert. Weitere Anregungen stammen von Werner Schwabs St\u00fcck \u201eVolksvernichtung oder meine Leber ist sinnlos\u201c. Schwab, ein \u00f6sterreichischer Dramatiker, ist bekannt f\u00fcr seine F\u00e4higkeit, das Abgr\u00fcndige im Allt\u00e4glichen sichtbar zu machen.<\/p>\n","protected":false},"excerpt":{"rendered":"<p>Das freie Theater Pelle e.V. bringt mit seiner neuen Produktion \u201eL\u00e4sterzungen\u201c ein St\u00fcck auf die B\u00fchne, das die Hofer Debattenkultur in all seiner Sch\u00e4rfe thematisiert. Wann und Wo? Am 11. [&hellip;]<\/p>\n","protected":false},"author":1,"featured_media":0,"comment_status":"open","ping_status":"open","sticky":false,"template":"","format":"standard","meta":{"footnotes":""},"categories":[1],"tags":[],"class_list":["post-1623","post","type-post","status-publish","format-standard","hentry","category-allgemeines"],"_links":{"self":[{"href":"http:\/\/www.galeriehaus.com\/index.php?rest_route=\/wp\/v2\/posts\/1623"}],"collection":[{"href":"http:\/\/www.galeriehaus.com\/index.php?rest_route=\/wp\/v2\/posts"}],"about":[{"href":"http:\/\/www.galeriehaus.com\/index.php?rest_route=\/wp\/v2\/types\/post"}],"author":[{"embeddable":true,"href":"http:\/\/www.galeriehaus.com\/index.php?rest_route=\/wp\/v2\/users\/1"}],"replies":[{"embeddable":true,"href":"http:\/\/www.galeriehaus.com\/index.php?rest_route=%2Fwp%2Fv2%2Fcomments&post=1623"}],"version-history":[{"count":1,"href":"http:\/\/www.galeriehaus.com\/index.php?rest_route=\/wp\/v2\/posts\/1623\/revisions"}],"predecessor-version":[{"id":1625,"href":"http:\/\/www.galeriehaus.com\/index.php?rest_route=\/wp\/v2\/posts\/1623\/revisions\/1625"}],"wp:attachment":[{"href":"http:\/\/www.galeriehaus.com\/index.php?rest_route=%2Fwp%2Fv2%2Fmedia&parent=1623"}],"wp:term":[{"taxonomy":"category","embeddable":true,"href":"http:\/\/www.galeriehaus.com\/index.php?rest_route=%2Fwp%2Fv2%2Fcategories&post=1623"},{"taxonomy":"post_tag","embeddable":true,"href":"http:\/\/www.galeriehaus.com\/index.php?rest_route=%2Fwp%2Fv2%2Ftags&post=1623"}],"curies":[{"name":"wp","href":"https:\/\/api.w.org\/{rel}","templated":true}]}}