{"id":669,"date":"2017-05-29T19:55:01","date_gmt":"2017-05-29T18:55:01","guid":{"rendered":"http:\/\/www.galeriehaus.com\/?p=669"},"modified":"2017-05-29T19:55:01","modified_gmt":"2017-05-29T18:55:01","slug":"vernissage-emile-habimana-und-evi-lou-3105-2000-uhr","status":"publish","type":"post","link":"http:\/\/www.galeriehaus.com\/?p=669","title":{"rendered":"Vernissage: Emile Habimana und Evi Lou, 31.05., 20:00 Uhr"},"content":{"rendered":"<p><span><img loading=\"lazy\" decoding=\"async\" class=\"alignleft size-medium wp-image-670\" title=\"habimana\" src=\"http:\/\/www.galeriehaus.com\/wp-content\/uploads\/2017\/05\/habimana-300x241.jpg\" alt=\"habimana\" width=\"300\" height=\"241\" srcset=\"http:\/\/www.galeriehaus.com\/wp-content\/uploads\/2017\/05\/habimana-300x241.jpg 300w, http:\/\/www.galeriehaus.com\/wp-content\/uploads\/2017\/05\/habimana.jpg 1024w\" sizes=\"(max-width: 300px) 100vw, 300px\" \/>Emile Habimana (Bilder), geboren in Ruanda und aufgewachsen in Hof und Evi Lou (Skulpturen) geboren in Griechenland und aufgewachsen in N\u00fcrnberg er\u00f6ffnen Ihre gemeinsame Ausstellung.<\/span><\/p>\n<p><span>Zeitgleich findet das Konzert &#8222;In Memoriam Werner Weinelt &#8211; Alfred Hertrich Trio&#8220; satt.<\/span><\/p>\n<p><span>Angefangen hat Evi Lou mit der Malerei. Als Autodidaktin erarbeitete sie ich einen eigenen Stil mit Kn\u00f6pfen, Erde, Pinsel, Spachtel \u2013 bei Material und Technik setzte sie sich keine Grenzen. Seit 2012 besch\u00e4ftigt sie sich mich auch mit Skulpturen und Plastiken, die hier zu sehen sind.<\/span><\/p>\n<p><span>Emile Habimana erlebte vier verschiedene L\u00e4nder mit einer Vegetation, die faszinierender und unterschiedlicher nicht sein k\u00f6nnten. Sie pr\u00e4gten seine Natureindr\u00fccke, was sich in seinen Bildern widerspiegelt &#8211; erdige T\u00f6ne, bunte Farbeinschl\u00fcsse bieten dem Betrachter eine Impression der Natur.<\/span><\/p>\n<p><a rel=\"nofollow noopener nofollow\" href=\"http:\/\/emilehabimana.com\/\" target=\"_blank\">http:\/\/emilehabimana.com\/<\/a><br \/>\n<a rel=\"nofollow noopener nofollow\" href=\"https:\/\/l.facebook.com\/l.php?u=https%3A%2F%2Flou-art.de%2F&amp;h=ATNEAThnTcVjvWYdnb78-f-Iok8-UuPSLfTJnBq30ma7t5jlRi9RapcJZ8iTnvO2xyE3Z6hb2FPB69-1Ei098yFObZW0oVe2BsqZx1LKGyDldZxt1l9iIVqvP1HATyNwp5oX7SlvaD0Me43Zu5TNJrO9gA&amp;enc=AZML0howaBlr4nSDiOAuWgcpU1CHgqNjaGXvGVZQkd82S1OUm-hDEE8fCMAHbpF7Ux8&amp;s=1\" target=\"_blank\">https:\/\/lou-art.de\/<\/a><\/p>\n","protected":false},"excerpt":{"rendered":"<p>Emile Habimana (Bilder), geboren in Ruanda und aufgewachsen in Hof und Evi Lou (Skulpturen) geboren in Griechenland und aufgewachsen in N\u00fcrnberg er\u00f6ffnen Ihre gemeinsame Ausstellung. Zeitgleich findet das Konzert &#8222;In [&hellip;]<\/p>\n","protected":false},"author":1,"featured_media":0,"comment_status":"open","ping_status":"open","sticky":false,"template":"","format":"standard","meta":{"footnotes":""},"categories":[1],"tags":[],"class_list":["post-669","post","type-post","status-publish","format-standard","hentry","category-allgemeines"],"_links":{"self":[{"href":"http:\/\/www.galeriehaus.com\/index.php?rest_route=\/wp\/v2\/posts\/669"}],"collection":[{"href":"http:\/\/www.galeriehaus.com\/index.php?rest_route=\/wp\/v2\/posts"}],"about":[{"href":"http:\/\/www.galeriehaus.com\/index.php?rest_route=\/wp\/v2\/types\/post"}],"author":[{"embeddable":true,"href":"http:\/\/www.galeriehaus.com\/index.php?rest_route=\/wp\/v2\/users\/1"}],"replies":[{"embeddable":true,"href":"http:\/\/www.galeriehaus.com\/index.php?rest_route=%2Fwp%2Fv2%2Fcomments&post=669"}],"version-history":[{"count":1,"href":"http:\/\/www.galeriehaus.com\/index.php?rest_route=\/wp\/v2\/posts\/669\/revisions"}],"predecessor-version":[{"id":671,"href":"http:\/\/www.galeriehaus.com\/index.php?rest_route=\/wp\/v2\/posts\/669\/revisions\/671"}],"wp:attachment":[{"href":"http:\/\/www.galeriehaus.com\/index.php?rest_route=%2Fwp%2Fv2%2Fmedia&parent=669"}],"wp:term":[{"taxonomy":"category","embeddable":true,"href":"http:\/\/www.galeriehaus.com\/index.php?rest_route=%2Fwp%2Fv2%2Fcategories&post=669"},{"taxonomy":"post_tag","embeddable":true,"href":"http:\/\/www.galeriehaus.com\/index.php?rest_route=%2Fwp%2Fv2%2Ftags&post=669"}],"curies":[{"name":"wp","href":"https:\/\/api.w.org\/{rel}","templated":true}]}}